{"id":7096,"date":"2026-08-27T22:59:12","date_gmt":"2026-08-27T21:59:12","guid":{"rendered":"https:\/\/reisen.v-74.de\/?p=7096"},"modified":"2026-08-30T22:09:45","modified_gmt":"2026-08-30T21:09:45","slug":"ausfahrt-mit-dem-ausflugsboot-richtung-ile-de-quessant","status":"publish","type":"post","link":"https:\/\/reisen.v-74.de\/?p=7096","title":{"rendered":"Ausfahrt mit dem Ausflugsboot Richtung \u00cele de Quessant"},"content":{"rendered":"<p class=\"p1\"><span class=\"s1\">Heute geht es wieder mit dem Ausflugsboot hinaus und zwar in Richtung \u00cele de Quessant. Daf\u00fcr m\u00fcssen wir fr\u00fch aufstehen, da die Abfahrt bereits um 9:30 Uhr ist und man eine viertel Stunde vor Abfahrt am Boot sein soll. Heute soll die Fahrt etwa 5,5 Stunden dauern und wir haben uns f\u00fcr an Bord ein Lunchpaket mit gebucht.<\/span><\/p>\n<p class=\"p1\"><span class=\"s1\">Es ist wieder das gleiche Boot mit gleicher Crew wie gestern und wir begeben uns gleich auf unsere Lieblingspl\u00e4tze auf dem Vorschiff. Die Ausfahrt geht an der n\u00f6rdlichen Seite der Goulet vorbei an den bereits bekannten Leuchtt\u00fcrmen und Festungen, dem Phare du Portzic,<span class=\"Apple-converted-space\">\u00a0 <\/span>dem Fort du Mengant, dem Phare du Petite Minou hinaus bis zum Phare de Saint Mathieu.<\/span><\/p>\n<p class=\"p1\"><span class=\"s1\">Ab dem Phare du Portzic haben wir kr\u00e4ftigen auslaufenden Ebbstrom mit ordentlich Wind aus SW gegenan, also baut sich eine kurze steile See auf. Wir ziehen uns vorsichtshalber hinter die Spritzschutzscheibe zur\u00fcck. Allerdings ist unsere Sorge unberechtigt. Das Ausflugsboot setzt zwar in die steile See ein, aber die Gischt geht zur Seite weg und alles auf dem Vorschiff bleibt trocken.<\/span><\/p>\n<p class=\"p1\"><span class=\"s1\">Vom Phare de Saint Mathieu h\u00e4lt der Skipper s\u00fcdlich an der \u00cele de Beniguet, einem strengen Naturschutzgebiet mit Anlandeverbot zum Leuchturm auf der Pierres Noires. Hier drosseln wir die Fahrt und k\u00f6nnen einige Kegelrobben auf den Felsen beobachten. Klar werden auch wir be\u00e4ugt.<\/span><\/p>\n<p class=\"p1\"><span class=\"s1\">Nun geht es zur Durchfahrt zwischen der \u00cele de Quemen\u00e8s und \u00cele de Litiri. Die \u00cele de Quemenes wird von einer Familie bewirtschaftet und baut in dieser Umgebung Kartoffeln an. Ansonsten ist die Durchfahrt von Sportbootfahrern beliebt, die vor der \u00cele de Litiri zum Baden vor Anker gehen. An der flachsten Stelle haben wir laut Skipper nur noch wenig Wasser unter dem Kiel. Bei Springniedrigwasser sollen hier laut Seekarte nur<span class=\"Apple-converted-space\">\u00a0 <\/span>10cm Wasser stehen, aber der Skipper kennt sich aus und bringt uns ohne Grundber\u00fchrung durch.<\/span><\/p>\n<p class=\"p1\"><span class=\"s1\">Auf der Nordseite k\u00f6nnen wir einem Algenfischer bei der Arbeit zusehen. Dieser zieht einen Rechen mit Schneiden durch das Kelb und dann die langen Kelbbl\u00e4tter auf seine Ladefl\u00e4che. Das Kelb wird als Gem\u00fcse in frischer bzw. getrockneter Form verwendet oder getrocknet und zu D\u00fcngepulver zermahlen. Hoffentlich lassen die Fischer noch genug \u00fcbrig, da es auch die Kinderstube f\u00fcr viele Wasserlebewesen ist.<\/span><\/p>\n<p class=\"p1\"><span class=\"s1\">Danach geht es zur\u00fcck durch die Basse de Penser zur\u00fcck zum Hafen von Le Conquet, wo wir aber nicht anlegen. Der Skipper will uns die starke Flutstr\u00f6mung zeigen, die hier an den Felsen entlang rauscht. Die Segler nutzen den enormen auflaufenden Strom Richtung Norden durch die Basse de Penser.<\/span><\/p>\n<p class=\"p1\"><span class=\"s1\">Das Ausflugsboot f\u00e4hrt weiter dicht unter der K\u00fcste gegen den Strom zum Phare de Saint Mathieu. Dabei nutzt der Skipper sogar die Neerstr\u00f6me in den Buchten. Zur\u00fcck nach Brest tr\u00e4gt uns dann hinter Fort du Mengant der Flutstrom in die Bucht von Brest. Nach etwa 5 Stunden sind wir wieder zur\u00fcck an Land und gehen erst einmal zum Ausruhen wieder in unser Appartement.<\/span><\/p>\n<p class=\"p1\"><span class=\"s1\">Zum Abend machen wir noch einen Spaziergang durch den westlichen Teil von Brest hinter dem Rathaus und landen auf einem Friedhof mit Grabfeldern aus erstem und zweitem Weltkrieg. Es gibt hier auch eine Abteilung von deutschen Gr\u00e4bern aus dem ersten Weltkrieg. <\/span><\/p>\n","protected":false},"excerpt":{"rendered":"<p>Heute geht es wieder mit dem Ausflugsboot hinaus und zwar in Richtung \u00cele de Quessant. Daf\u00fcr m\u00fcssen wir fr\u00fch aufstehen, da die Abfahrt bereits um 9:30 Uhr ist und man eine viertel Stunde vor Abfahrt am Boot sein soll. Heute soll die Fahrt etwa 5,5 Stunden dauern und wir haben uns f\u00fcr an Bord ein &hellip; <a href=\"https:\/\/reisen.v-74.de\/?p=7096\" class=\"more-link\"><span class=\"screen-reader-text\">Ausfahrt mit dem Ausflugsboot Richtung \u00cele de Quessant<\/span> weiterlesen <span class=\"meta-nav\">&rarr;<\/span><\/a><\/p>\n","protected":false},"author":3,"featured_media":0,"comment_status":"open","ping_status":"closed","sticky":false,"template":"","format":"standard","meta":{"footnotes":""},"categories":[352,53,137],"tags":[],"class_list":["post-7096","post","type-post","status-publish","format-standard","hentry","category-bretagne-2026","category-europa","category-frankreich"],"_links":{"self":[{"href":"https:\/\/reisen.v-74.de\/index.php?rest_route=\/wp\/v2\/posts\/7096","targetHints":{"allow":["GET"]}}],"collection":[{"href":"https:\/\/reisen.v-74.de\/index.php?rest_route=\/wp\/v2\/posts"}],"about":[{"href":"https:\/\/reisen.v-74.de\/index.php?rest_route=\/wp\/v2\/types\/post"}],"author":[{"embeddable":true,"href":"https:\/\/reisen.v-74.de\/index.php?rest_route=\/wp\/v2\/users\/3"}],"replies":[{"embeddable":true,"href":"https:\/\/reisen.v-74.de\/index.php?rest_route=%2Fwp%2Fv2%2Fcomments&post=7096"}],"version-history":[{"count":2,"href":"https:\/\/reisen.v-74.de\/index.php?rest_route=\/wp\/v2\/posts\/7096\/revisions"}],"predecessor-version":[{"id":7098,"href":"https:\/\/reisen.v-74.de\/index.php?rest_route=\/wp\/v2\/posts\/7096\/revisions\/7098"}],"wp:attachment":[{"href":"https:\/\/reisen.v-74.de\/index.php?rest_route=%2Fwp%2Fv2%2Fmedia&parent=7096"}],"wp:term":[{"taxonomy":"category","embeddable":true,"href":"https:\/\/reisen.v-74.de\/index.php?rest_route=%2Fwp%2Fv2%2Fcategories&post=7096"},{"taxonomy":"post_tag","embeddable":true,"href":"https:\/\/reisen.v-74.de\/index.php?rest_route=%2Fwp%2Fv2%2Ftags&post=7096"}],"curies":[{"name":"wp","href":"https:\/\/api.w.org\/{rel}","templated":true}]}}